{"id":2530,"date":"2021-08-16T16:10:13","date_gmt":"2021-08-16T21:10:13","guid":{"rendered":"https:\/\/www.nunavutmarinecouncil.com\/?p=2530"},"modified":"2021-08-16T16:10:13","modified_gmt":"2021-08-16T21:10:13","slug":"publication-des-produits-livrables-de-la-reunion-ministerielle-du-conseil-de-larctique","status":"publish","type":"post","link":"https:\/\/www.nunavutmarinecouncil.com\/fr\/publication-des-produits-livrables-de-la-reunion-ministerielle-du-conseil-de-larctique\/","title":{"rendered":"Publication des produits livrables de la r\u00e9union minist\u00e9rielle du Conseil de l\u2019Arctique"},"content":{"rendered":"<p>La 12e r\u00e9union minist\u00e9rielle du Conseil de l\u2019Arctique marque la fin du mandat de la pr\u00e9sidence islandaise. Ce fut l\u2019occasion d\u2019examiner et d\u2019approuver les activit\u00e9s et les r\u00e9alisations du Conseil sous la pr\u00e9sidence islandaise. Ce fut aussi l\u2019occasion pour la F\u00e9d\u00e9ration de Russie de prendre le relais pour assumer la pr\u00e9sidence du Conseil pendant les deux prochaines ann\u00e9es. Les produits livrables et le compte rendu de la pr\u00e9sidence islandaise se trouvent ici.<\/p>\n<p><strong>Quand : Le 20 mai 2021<\/strong><\/p>\n","protected":false},"excerpt":{"rendered":"<p>La 12e r\u00e9union minist\u00e9rielle du Conseil de l\u2019Arctique marque la fin du mandat de la pr\u00e9sidence islandaise. Ce fut l\u2019occasion d\u2019examiner et d\u2019approuver les activit\u00e9s et les r\u00e9alisations du Conseil sous la pr\u00e9sidence islandaise. Ce fut aussi l\u2019occasion pour la F\u00e9d\u00e9ration de Russie de prendre le relais pour assumer la pr\u00e9sidence du&#8230;<\/p>\n","protected":false},"author":4,"featured_media":116,"comment_status":"open","ping_status":"open","sticky":false,"template":"","format":"standard","meta":[],"categories":[2],"tags":[],"_links":{"self":[{"href":"https:\/\/www.nunavutmarinecouncil.com\/fr\/wp-json\/wp\/v2\/posts\/2530"}],"collection":[{"href":"https:\/\/www.nunavutmarinecouncil.com\/fr\/wp-json\/wp\/v2\/posts"}],"about":[{"href":"https:\/\/www.nunavutmarinecouncil.com\/fr\/wp-json\/wp\/v2\/types\/post"}],"author":[{"embeddable":true,"href":"https:\/\/www.nunavutmarinecouncil.com\/fr\/wp-json\/wp\/v2\/users\/4"}],"replies":[{"embeddable":true,"href":"https:\/\/www.nunavutmarinecouncil.com\/fr\/wp-json\/wp\/v2\/comments?post=2530"}],"version-history":[{"count":1,"href":"https:\/\/www.nunavutmarinecouncil.com\/fr\/wp-json\/wp\/v2\/posts\/2530\/revisions"}],"predecessor-version":[{"id":2531,"href":"https:\/\/www.nunavutmarinecouncil.com\/fr\/wp-json\/wp\/v2\/posts\/2530\/revisions\/2531"}],"wp:featuredmedia":[{"embeddable":true,"href":"https:\/\/www.nunavutmarinecouncil.com\/fr\/wp-json\/wp\/v2\/media\/116"}],"wp:attachment":[{"href":"https:\/\/www.nunavutmarinecouncil.com\/fr\/wp-json\/wp\/v2\/media?parent=2530"}],"wp:term":[{"taxonomy":"category","embeddable":true,"href":"https:\/\/www.nunavutmarinecouncil.com\/fr\/wp-json\/wp\/v2\/categories?post=2530"},{"taxonomy":"post_tag","embeddable":true,"href":"https:\/\/www.nunavutmarinecouncil.com\/fr\/wp-json\/wp\/v2\/tags?post=2530"}],"curies":[{"name":"wp","href":"https:\/\/api.w.org\/{rel}","templated":true}]}}